{"id":4368,"date":"2025-10-22T16:17:51","date_gmt":"2025-10-22T14:17:51","guid":{"rendered":"https:\/\/surgite-eder.de\/wordpress\/?p=4368"},"modified":"2025-10-22T16:17:52","modified_gmt":"2025-10-22T14:17:52","slug":"der-eu-ai-act-veraendert-die-fuehrung-verantwortung-im-zeitalter-der-kuenstlichen-intelligenz","status":"publish","type":"post","link":"https:\/\/surgite-eder.de\/wordpress\/der-eu-ai-act-veraendert-die-fuehrung-verantwortung-im-zeitalter-der-kuenstlichen-intelligenz\/","title":{"rendered":"Der EU-AI-Act ver\u00e4ndert die F\u00fchrung \u2013 Verantwortung im Zeitalter der K\u00fcnstlichen Intelligenz"},"content":{"rendered":"\n<p>K\u00fcnstliche Intelligenz (KI) ist l\u00e4ngst Teil unseres Alltags.<br>Sie unterst\u00fctzt Entscheidungen, analysiert Daten und hilft, Prozesse zu optimieren \u2013 in der Wirtschaft, in der Bildung und auch in der Mediation.<\/p>\n\n\n\n<p>Doch mit der neuen <strong>EU-Verordnung f\u00fcr K\u00fcnstliche Intelligenz \u2013 dem EU-AI-Act \u2013<\/strong> ver\u00e4ndert sich die Verantwortung.<br>F\u00fchrungskr\u00e4fte und Unternehmerinnen stehen k\u00fcnftig noch st\u00e4rker in der Pflicht, <strong>KI rechtssicher, transparent und ethisch<\/strong> einzusetzen.<\/p>\n\n\n\n<h2 class=\"wp-block-heading\">F\u00fchrung im Wandel \u2013 zwischen Menschlichkeit und Digitalisierung.<\/h2>\n\n\n\n<p>Der EU-AI-Act markiert den Beginn einer neuen \u00c4ra:<br>Technologie wird nicht mehr nur als Werkzeug gesehen, sondern als <em>Mitgestalter unserer Entscheidungen<\/em>.<\/p>\n\n\n\n<p>F\u00fcr F\u00fchrungskr\u00e4fte bedeutet das:<\/p>\n\n\n\n<ul class=\"wp-block-list\">\n<li>KI bewusst einzusetzen,<\/li>\n\n\n\n<li>Verantwortung zu \u00fcbernehmen,<\/li>\n\n\n\n<li>und sicherzustellen, dass Technologie <strong>dem Menschen dient \u2013 nicht umgekehrt.<\/strong><\/li>\n<\/ul>\n\n\n\n<p>Diese Entwicklung erfordert Wissen, Haltung und Bewusstsein.<br>Genau hier setzt die <strong>AICA-Ausbildung (AI Competence Academy)<\/strong> der <strong>AFNB GmbH<\/strong> an.<\/p>\n\n\n\n<figure class=\"wp-block-embed is-type-video is-provider-youtube wp-block-embed-youtube wp-embed-aspect-16-9 wp-has-aspect-ratio\"><div class=\"wp-block-embed__wrapper\">\n<iframe loading=\"lazy\" title=\"EU-AI-Act &amp; KI-Kompetenz: So werden F\u00fchrungskr\u00e4fte zukunftssicher \u2013 mit der AICA-Ausbildung\" width=\"660\" height=\"371\" src=\"https:\/\/www.youtube.com\/embed\/1LKoQ_rdPU0?feature=oembed\" frameborder=\"0\" allow=\"accelerometer; autoplay; clipboard-write; encrypted-media; gyroscope; picture-in-picture; web-share\" referrerpolicy=\"strict-origin-when-cross-origin\" allowfullscreen><\/iframe>\n<\/div><\/figure>\n\n\n\n<p><strong>AICA \u2013 Wissen und Ethik f\u00fcr die Praxis<\/strong><\/p>\n\n\n\n<p>Ich bin Mitglied der <strong>AFNB GmbH<\/strong> und absolviere derzeit die <strong>AICA-Ausbildung (AI Competence Academy)<\/strong>,<br>die speziell daf\u00fcr entwickelt wurde, Fach- und F\u00fchrungskr\u00e4fte auf die Anforderungen des EU-AI-Acts vorzubereiten.<\/p>\n\n\n\n<p>Die Ausbildung verbindet Wissen \u00fcber:<\/p>\n\n\n\n<ul class=\"wp-block-list\">\n<li>rechtliche und ethische Grundlagen,<\/li>\n\n\n\n<li>den bewussten Einsatz von KI in Unternehmen,<\/li>\n\n\n\n<li>und die F\u00e4higkeit, Technik mit Menschlichkeit zu verbinden.<\/li>\n<\/ul>\n\n\n\n<p>Denn erfolgreiche F\u00fchrung im Zeitalter der KI bedeutet nicht, Maschinen zu beherrschen \u2013<br>sondern <strong>die Verantwortung f\u00fcr ihren Einsatz zu \u00fcbernehmen.<\/strong><\/p>\n\n\n\n<hr class=\"wp-block-separator has-alpha-channel-opacity\"\/>\n\n\n\n<h3 class=\"wp-block-heading\"><\/h3>\n\n\n\n<p><strong>Warum ich mich f\u00fcr AICA entschieden habe<\/strong><\/p>\n\n\n\n<p>Als Coach mit neurowissenschaftlicher Expertise erlebe ich t\u00e4glich, wie sehr Technologie unsere Wahrnehmung und Entscheidungsprozesse beeinflusst.<br><\/p>\n\n\n\n<p>Deshalb bin ich bin \u00fcberzeugt: <\/p>\n\n\n\n<p>Wir brauchen ein tieferes Verst\u00e4ndnis dar\u00fcber, <strong>wie unser Gehirn reagiert, wenn Maschinen Entscheidungen vorbereiten oder unterst\u00fctzen.<\/strong> Mensch und KI gemeinsam. Es ist kein Gegensatz und Gegeneinander.<\/p>\n\n\n\n<p>Deshalb engagiere ich mich daf\u00fcr, das Wissen aus der <strong>AICA-Ausbildung<\/strong> zu teilen \u2013<br>damit F\u00fchrungskr\u00e4fte und Organisationen nicht nur <em>effizienter<\/em>, sondern auch <em>bewusster<\/em> handeln.<\/p>\n\n\n\n<hr class=\"wp-block-separator has-alpha-channel-opacity\"\/>\n\n\n\n<h3 class=\"wp-block-heading\"><\/h3>\n\n\n\n<blockquote class=\"wp-block-quote is-layout-flow wp-block-quote-is-layout-flow\">\n<p>Wenn Sie mehr \u00fcber die AICA-Ausbildung, den EU-AI-Act oder die praktischen Chancen f\u00fcr Ihr Unternehmen erfahren m\u00f6chten, finden Sie hier alle Informationen:<\/p>\n\n\n\n<p><a href=\"https:\/\/www.surgite-coaching.de\/ai-competence-academy\">www.surgite-coaching.de\/ai-competence-academy<\/a><\/p>\n\n\n\n<p>\u00dcber mich erhalten Sie au\u00dferdem einen <strong>10 %-Rabattcode<\/strong> f\u00fcr den Einstieg in die Ausbildung.<\/p>\n<\/blockquote>\n\n\n\n<hr class=\"wp-block-separator has-alpha-channel-opacity\"\/>\n\n\n\n<h3 class=\"wp-block-heading\"><\/h3>\n\n\n\n<blockquote class=\"wp-block-quote is-layout-flow wp-block-quote-is-layout-flow\">\n<p>K\u00fcnstliche Intelligenz ist kein Ersatz f\u00fcr den Menschen \u2013<br>sie ist eine Einladung, Verantwortung bewusster zu leben.<\/p>\n<\/blockquote>\n\n\n\n<p>Besten neurowissenschafliche AI-Gr\u00fc\u00dfe<\/p>\n\n\n\n<p>Rochus-Marian Eder<\/p>\n\n\n\n<p><a href=\"https:\/\/www.surgite-coaching.de\/ai-competence-academy\">Verst\u00e4ndnisbr\u00fcckenbauer KI und Ihre Unternehmenswelt<\/a><\/p>\n\n\n\n<figure class=\"wp-block-image size-full is-style-default\"><a href=\"https:\/\/surgite-eder.de\/wordpress\/wp-content\/uploads\/2025\/10\/cropped-lOGO-BILD-NEMO-1.png\"><img loading=\"lazy\" decoding=\"async\" width=\"248\" height=\"248\" src=\"https:\/\/surgite-eder.de\/wordpress\/wp-content\/uploads\/2025\/10\/cropped-lOGO-BILD-NEMO-1.png\" alt=\"\" class=\"wp-image-4344\" srcset=\"https:\/\/surgite-eder.de\/wordpress\/wp-content\/uploads\/2025\/10\/cropped-lOGO-BILD-NEMO-1.png 248w, https:\/\/surgite-eder.de\/wordpress\/wp-content\/uploads\/2025\/10\/cropped-lOGO-BILD-NEMO-1-150x150.png 150w\" sizes=\"auto, (max-width: 248px) 100vw, 248px\" \/><\/a><\/figure>\n","protected":false},"excerpt":{"rendered":"<p>K\u00fcnstliche Intelligenz (KI) ist l\u00e4ngst Teil unseres Alltags.Sie unterst\u00fctzt Entscheidungen, analysiert Daten und hilft, Prozesse zu optimieren \u2013 in der Wirtschaft, in der Bildung und auch in der Mediation. Doch mit der neuen EU-Verordnung f\u00fcr K\u00fcnstliche Intelligenz \u2013 dem EU-AI-Act \u2013 ver\u00e4ndert sich die Verantwortung.F\u00fchrungskr\u00e4fte und Unternehmerinnen stehen k\u00fcnftig noch st\u00e4rker in der Pflicht, KI &hellip; <a href=\"https:\/\/surgite-eder.de\/wordpress\/der-eu-ai-act-veraendert-die-fuehrung-verantwortung-im-zeitalter-der-kuenstlichen-intelligenz\/\" class=\"more-link\"><span class=\"screen-reader-text\">Der EU-AI-Act ver\u00e4ndert die F\u00fchrung \u2013 Verantwortung im Zeitalter der K\u00fcnstlichen Intelligenz<\/span> weiterlesen<\/a><\/p>\n","protected":false},"author":1,"featured_media":0,"comment_status":"open","ping_status":"open","sticky":false,"template":"","format":"standard","meta":{"footnotes":""},"categories":[1],"tags":[],"class_list":["post-4368","post","type-post","status-publish","format-standard","hentry","category-allgemein"],"yoast_head":"<!-- This site is optimized with the Yoast SEO plugin v23.5 - https:\/\/yoast.com\/wordpress\/plugins\/seo\/ -->\n<title>Der EU-AI-Act ver\u00e4ndert die F\u00fchrung \u2013 Verantwortung im Zeitalter der K\u00fcnstlichen Intelligenz - Surgite!Coaching-Blog<\/title>\n<meta name=\"description\" content=\"Erfahren Sie, wie der EU-AI-Act Unternehmen ver\u00e4ndert und welche Verantwortung F\u00fchrungskr\u00e4fte jetzt tragen.Die AICA-Ausbildung der AFNB GmbH vermittelt Wissen f\u00fcr rechtssicheren und ethischen KI-Einsatz.\" \/>\n<meta name=\"robots\" content=\"index, follow, max-snippet:-1, max-image-preview:large, max-video-preview:-1\" \/>\n<link rel=\"canonical\" href=\"https:\/\/surgite-eder.de\/wordpress\/der-eu-ai-act-veraendert-die-fuehrung-verantwortung-im-zeitalter-der-kuenstlichen-intelligenz\/\" \/>\n<meta property=\"og:locale\" content=\"de_DE\" \/>\n<meta property=\"og:type\" content=\"article\" \/>\n<meta property=\"og:title\" content=\"F\u00fchrung neu denken: Menschlichkeit und Verantwortung im Zeitalter der KI | Surgite Coaching\" \/>\n<meta property=\"og:description\" content=\"K\u00fcnstliche Intelligenz fordert neue Formen der F\u00fchrung.Entdecken Sie, wie der EU-AI-Act und die AICA-Ausbildung helfen, Ethik, Wissen und Menschlichkeit in Einklang zu bringen.\" \/>\n<meta property=\"og:url\" content=\"https:\/\/surgite-eder.de\/wordpress\/der-eu-ai-act-veraendert-die-fuehrung-verantwortung-im-zeitalter-der-kuenstlichen-intelligenz\/\" \/>\n<meta property=\"og:site_name\" content=\"Surgite!Coaching-Blog\" \/>\n<meta property=\"article:publisher\" content=\"https:\/\/www.facebook.com\/surgite\" \/>\n<meta property=\"article:published_time\" content=\"2025-10-22T14:17:51+00:00\" \/>\n<meta property=\"article:modified_time\" content=\"2025-10-22T14:17:52+00:00\" \/>\n<meta property=\"og:image\" content=\"https:\/\/surgite-eder.de\/wordpress\/wp-content\/uploads\/2025\/10\/02-b.-AICA-Logo-Transparent-Mit-Schriftzug.png\" \/>\n\t<meta property=\"og:image:width\" content=\"1920\" \/>\n\t<meta property=\"og:image:height\" content=\"1080\" \/>\n\t<meta property=\"og:image:type\" content=\"image\/png\" \/>\n<meta name=\"author\" content=\"Surgite\" \/>\n<meta name=\"twitter:card\" content=\"summary_large_image\" \/>\n<meta name=\"twitter:title\" content=\"AICA &amp; EU-AI-Act: Wie F\u00fchrungskr\u00e4fte KI sicher und verantwortungsvoll nutzen | Surgite Coaching\" \/>\n<meta name=\"twitter:description\" content=\"Der EU-AI-Act bringt neue Pflichten f\u00fcr Unternehmen.Erfahren Sie, wie die AICA-Ausbildung der AFNB GmbH F\u00fchrungskr\u00e4fte unterst\u00fctzt, KI praxisnah und ethisch einzusetzen.\" \/>\n<meta name=\"twitter:image\" content=\"https:\/\/surgite-eder.de\/wordpress\/wp-content\/uploads\/2025\/10\/Bild-2-MA-und-Gehirn-auf-Bildschirm.png\" \/>\n<meta name=\"twitter:label1\" content=\"Verfasst von\" \/>\n\t<meta name=\"twitter:data1\" content=\"Surgite\" \/>\n\t<meta name=\"twitter:label2\" content=\"Gesch\u00e4tzte Lesezeit\" \/>\n\t<meta name=\"twitter:data2\" content=\"2\u00a0Minuten\" \/>\n<script type=\"application\/ld+json\" class=\"yoast-schema-graph\">{\"@context\":\"https:\/\/schema.org\",\"@graph\":[{\"@type\":\"Article\",\"@id\":\"https:\/\/surgite-eder.de\/wordpress\/der-eu-ai-act-veraendert-die-fuehrung-verantwortung-im-zeitalter-der-kuenstlichen-intelligenz\/#article\",\"isPartOf\":{\"@id\":\"https:\/\/surgite-eder.de\/wordpress\/der-eu-ai-act-veraendert-die-fuehrung-verantwortung-im-zeitalter-der-kuenstlichen-intelligenz\/\"},\"author\":{\"name\":\"Surgite\",\"@id\":\"https:\/\/surgite-eder.de\/wordpress\/#\/schema\/person\/e80f06a614afad175613dc989ad5b9ed\"},\"headline\":\"Der EU-AI-Act ver\u00e4ndert die F\u00fchrung \u2013 Verantwortung im Zeitalter der K\u00fcnstlichen Intelligenz\",\"datePublished\":\"2025-10-22T14:17:51+00:00\",\"dateModified\":\"2025-10-22T14:17:52+00:00\",\"mainEntityOfPage\":{\"@id\":\"https:\/\/surgite-eder.de\/wordpress\/der-eu-ai-act-veraendert-die-fuehrung-verantwortung-im-zeitalter-der-kuenstlichen-intelligenz\/\"},\"wordCount\":408,\"commentCount\":0,\"publisher\":{\"@id\":\"https:\/\/surgite-eder.de\/wordpress\/#organization\"},\"image\":{\"@id\":\"https:\/\/surgite-eder.de\/wordpress\/der-eu-ai-act-veraendert-die-fuehrung-verantwortung-im-zeitalter-der-kuenstlichen-intelligenz\/#primaryimage\"},\"thumbnailUrl\":\"https:\/\/surgite-eder.de\/wordpress\/wp-content\/uploads\/2025\/10\/cropped-lOGO-BILD-NEMO-1.png\",\"inLanguage\":\"de\",\"potentialAction\":[{\"@type\":\"CommentAction\",\"name\":\"Comment\",\"target\":[\"https:\/\/surgite-eder.de\/wordpress\/der-eu-ai-act-veraendert-die-fuehrung-verantwortung-im-zeitalter-der-kuenstlichen-intelligenz\/#respond\"]}]},{\"@type\":\"WebPage\",\"@id\":\"https:\/\/surgite-eder.de\/wordpress\/der-eu-ai-act-veraendert-die-fuehrung-verantwortung-im-zeitalter-der-kuenstlichen-intelligenz\/\",\"url\":\"https:\/\/surgite-eder.de\/wordpress\/der-eu-ai-act-veraendert-die-fuehrung-verantwortung-im-zeitalter-der-kuenstlichen-intelligenz\/\",\"name\":\"Der EU-AI-Act ver\u00e4ndert die F\u00fchrung \u2013 Verantwortung im Zeitalter der K\u00fcnstlichen Intelligenz - Surgite!Coaching-Blog\",\"isPartOf\":{\"@id\":\"https:\/\/surgite-eder.de\/wordpress\/#website\"},\"primaryImageOfPage\":{\"@id\":\"https:\/\/surgite-eder.de\/wordpress\/der-eu-ai-act-veraendert-die-fuehrung-verantwortung-im-zeitalter-der-kuenstlichen-intelligenz\/#primaryimage\"},\"image\":{\"@id\":\"https:\/\/surgite-eder.de\/wordpress\/der-eu-ai-act-veraendert-die-fuehrung-verantwortung-im-zeitalter-der-kuenstlichen-intelligenz\/#primaryimage\"},\"thumbnailUrl\":\"https:\/\/surgite-eder.de\/wordpress\/wp-content\/uploads\/2025\/10\/cropped-lOGO-BILD-NEMO-1.png\",\"datePublished\":\"2025-10-22T14:17:51+00:00\",\"dateModified\":\"2025-10-22T14:17:52+00:00\",\"description\":\"Erfahren Sie, wie der EU-AI-Act Unternehmen ver\u00e4ndert und welche Verantwortung F\u00fchrungskr\u00e4fte jetzt tragen.Die AICA-Ausbildung der AFNB GmbH vermittelt Wissen f\u00fcr rechtssicheren und ethischen KI-Einsatz.\",\"breadcrumb\":{\"@id\":\"https:\/\/surgite-eder.de\/wordpress\/der-eu-ai-act-veraendert-die-fuehrung-verantwortung-im-zeitalter-der-kuenstlichen-intelligenz\/#breadcrumb\"},\"inLanguage\":\"de\",\"potentialAction\":[{\"@type\":\"ReadAction\",\"target\":[\"https:\/\/surgite-eder.de\/wordpress\/der-eu-ai-act-veraendert-die-fuehrung-verantwortung-im-zeitalter-der-kuenstlichen-intelligenz\/\"]}]},{\"@type\":\"ImageObject\",\"inLanguage\":\"de\",\"@id\":\"https:\/\/surgite-eder.de\/wordpress\/der-eu-ai-act-veraendert-die-fuehrung-verantwortung-im-zeitalter-der-kuenstlichen-intelligenz\/#primaryimage\",\"url\":\"https:\/\/surgite-eder.de\/wordpress\/wp-content\/uploads\/2025\/10\/cropped-lOGO-BILD-NEMO-1.png\",\"contentUrl\":\"https:\/\/surgite-eder.de\/wordpress\/wp-content\/uploads\/2025\/10\/cropped-lOGO-BILD-NEMO-1.png\"},{\"@type\":\"BreadcrumbList\",\"@id\":\"https:\/\/surgite-eder.de\/wordpress\/der-eu-ai-act-veraendert-die-fuehrung-verantwortung-im-zeitalter-der-kuenstlichen-intelligenz\/#breadcrumb\",\"itemListElement\":[{\"@type\":\"ListItem\",\"position\":1,\"name\":\"Startseite\",\"item\":\"https:\/\/surgite-eder.de\/wordpress\/\"},{\"@type\":\"ListItem\",\"position\":2,\"name\":\"Der EU-AI-Act ver\u00e4ndert die F\u00fchrung \u2013 Verantwortung im Zeitalter der K\u00fcnstlichen Intelligenz\"}]},{\"@type\":\"WebSite\",\"@id\":\"https:\/\/surgite-eder.de\/wordpress\/#website\",\"url\":\"https:\/\/surgite-eder.de\/wordpress\/\",\"name\":\"Surgite!Coaching-Blog\",\"description\":\"Stressmanagement von Mensch zu Mensch\",\"publisher\":{\"@id\":\"https:\/\/surgite-eder.de\/wordpress\/#organization\"},\"potentialAction\":[{\"@type\":\"SearchAction\",\"target\":{\"@type\":\"EntryPoint\",\"urlTemplate\":\"https:\/\/surgite-eder.de\/wordpress\/?s={search_term_string}\"},\"query-input\":{\"@type\":\"PropertyValueSpecification\",\"valueRequired\":true,\"valueName\":\"search_term_string\"}}],\"inLanguage\":\"de\"},{\"@type\":\"Organization\",\"@id\":\"https:\/\/surgite-eder.de\/wordpress\/#organization\",\"name\":\"Surgite!Coaching Akademie SCA\",\"url\":\"https:\/\/surgite-eder.de\/wordpress\/\",\"logo\":{\"@type\":\"ImageObject\",\"inLanguage\":\"de\",\"@id\":\"https:\/\/surgite-eder.de\/wordpress\/#\/schema\/logo\/image\/\",\"url\":\"https:\/\/surgite-eder.de\/wordpress\/wp-content\/uploads\/2021\/09\/Surgite-Akademie-Gehirn-Bild-in-Bild-50-.png\",\"contentUrl\":\"https:\/\/surgite-eder.de\/wordpress\/wp-content\/uploads\/2021\/09\/Surgite-Akademie-Gehirn-Bild-in-Bild-50-.png\",\"width\":750,\"height\":422,\"caption\":\"Surgite!Coaching Akademie SCA\"},\"image\":{\"@id\":\"https:\/\/surgite-eder.de\/wordpress\/#\/schema\/logo\/image\/\"},\"sameAs\":[\"https:\/\/www.facebook.com\/surgite\",\"https:\/\/www.instagram.com\/surgitecoachingakademiesca\",\"https:\/\/de.linkedin.com\/in\/surgite\",\"https:\/\/www.youtube.com\/c\/RochusMarianEder\"]},{\"@type\":\"Person\",\"@id\":\"https:\/\/surgite-eder.de\/wordpress\/#\/schema\/person\/e80f06a614afad175613dc989ad5b9ed\",\"name\":\"Surgite\",\"image\":{\"@type\":\"ImageObject\",\"inLanguage\":\"de\",\"@id\":\"https:\/\/surgite-eder.de\/wordpress\/#\/schema\/person\/image\/\",\"url\":\"https:\/\/secure.gravatar.com\/avatar\/c69265747580d893f317e4d2cc740cc482571851b6f9ca4a4850c9dbff2f4547?s=96&d=mm&r=g\",\"contentUrl\":\"https:\/\/secure.gravatar.com\/avatar\/c69265747580d893f317e4d2cc740cc482571851b6f9ca4a4850c9dbff2f4547?s=96&d=mm&r=g\",\"caption\":\"Surgite\"},\"description\":\"Datenschutz und impressum: http:\/\/surgite-coaching.de\/impressum\",\"sameAs\":[\"http:\/\/surgite-coaching.de\/\"],\"url\":\"https:\/\/surgite-eder.de\/wordpress\/author\/surgite\/\"}]}<\/script>\n<!-- \/ Yoast SEO plugin. -->","yoast_head_json":{"title":"Der EU-AI-Act ver\u00e4ndert die F\u00fchrung \u2013 Verantwortung im Zeitalter der K\u00fcnstlichen Intelligenz - Surgite!Coaching-Blog","description":"Erfahren Sie, wie der EU-AI-Act Unternehmen ver\u00e4ndert und welche Verantwortung F\u00fchrungskr\u00e4fte jetzt tragen.Die AICA-Ausbildung der AFNB GmbH vermittelt Wissen f\u00fcr rechtssicheren und ethischen KI-Einsatz.","robots":{"index":"index","follow":"follow","max-snippet":"max-snippet:-1","max-image-preview":"max-image-preview:large","max-video-preview":"max-video-preview:-1"},"canonical":"https:\/\/surgite-eder.de\/wordpress\/der-eu-ai-act-veraendert-die-fuehrung-verantwortung-im-zeitalter-der-kuenstlichen-intelligenz\/","og_locale":"de_DE","og_type":"article","og_title":"F\u00fchrung neu denken: Menschlichkeit und Verantwortung im Zeitalter der KI | Surgite Coaching","og_description":"K\u00fcnstliche Intelligenz fordert neue Formen der F\u00fchrung.Entdecken Sie, wie der EU-AI-Act und die AICA-Ausbildung helfen, Ethik, Wissen und Menschlichkeit in Einklang zu bringen.","og_url":"https:\/\/surgite-eder.de\/wordpress\/der-eu-ai-act-veraendert-die-fuehrung-verantwortung-im-zeitalter-der-kuenstlichen-intelligenz\/","og_site_name":"Surgite!Coaching-Blog","article_publisher":"https:\/\/www.facebook.com\/surgite","article_published_time":"2025-10-22T14:17:51+00:00","article_modified_time":"2025-10-22T14:17:52+00:00","og_image":[{"width":1920,"height":1080,"url":"https:\/\/surgite-eder.de\/wordpress\/wp-content\/uploads\/2025\/10\/02-b.-AICA-Logo-Transparent-Mit-Schriftzug.png","type":"image\/png"}],"author":"Surgite","twitter_card":"summary_large_image","twitter_title":"AICA & EU-AI-Act: Wie F\u00fchrungskr\u00e4fte KI sicher und verantwortungsvoll nutzen | Surgite Coaching","twitter_description":"Der EU-AI-Act bringt neue Pflichten f\u00fcr Unternehmen.Erfahren Sie, wie die AICA-Ausbildung der AFNB GmbH F\u00fchrungskr\u00e4fte unterst\u00fctzt, KI praxisnah und ethisch einzusetzen.","twitter_image":"https:\/\/surgite-eder.de\/wordpress\/wp-content\/uploads\/2025\/10\/Bild-2-MA-und-Gehirn-auf-Bildschirm.png","twitter_misc":{"Verfasst von":"Surgite","Gesch\u00e4tzte Lesezeit":"2\u00a0Minuten"},"schema":{"@context":"https:\/\/schema.org","@graph":[{"@type":"Article","@id":"https:\/\/surgite-eder.de\/wordpress\/der-eu-ai-act-veraendert-die-fuehrung-verantwortung-im-zeitalter-der-kuenstlichen-intelligenz\/#article","isPartOf":{"@id":"https:\/\/surgite-eder.de\/wordpress\/der-eu-ai-act-veraendert-die-fuehrung-verantwortung-im-zeitalter-der-kuenstlichen-intelligenz\/"},"author":{"name":"Surgite","@id":"https:\/\/surgite-eder.de\/wordpress\/#\/schema\/person\/e80f06a614afad175613dc989ad5b9ed"},"headline":"Der EU-AI-Act ver\u00e4ndert die F\u00fchrung \u2013 Verantwortung im Zeitalter der K\u00fcnstlichen Intelligenz","datePublished":"2025-10-22T14:17:51+00:00","dateModified":"2025-10-22T14:17:52+00:00","mainEntityOfPage":{"@id":"https:\/\/surgite-eder.de\/wordpress\/der-eu-ai-act-veraendert-die-fuehrung-verantwortung-im-zeitalter-der-kuenstlichen-intelligenz\/"},"wordCount":408,"commentCount":0,"publisher":{"@id":"https:\/\/surgite-eder.de\/wordpress\/#organization"},"image":{"@id":"https:\/\/surgite-eder.de\/wordpress\/der-eu-ai-act-veraendert-die-fuehrung-verantwortung-im-zeitalter-der-kuenstlichen-intelligenz\/#primaryimage"},"thumbnailUrl":"https:\/\/surgite-eder.de\/wordpress\/wp-content\/uploads\/2025\/10\/cropped-lOGO-BILD-NEMO-1.png","inLanguage":"de","potentialAction":[{"@type":"CommentAction","name":"Comment","target":["https:\/\/surgite-eder.de\/wordpress\/der-eu-ai-act-veraendert-die-fuehrung-verantwortung-im-zeitalter-der-kuenstlichen-intelligenz\/#respond"]}]},{"@type":"WebPage","@id":"https:\/\/surgite-eder.de\/wordpress\/der-eu-ai-act-veraendert-die-fuehrung-verantwortung-im-zeitalter-der-kuenstlichen-intelligenz\/","url":"https:\/\/surgite-eder.de\/wordpress\/der-eu-ai-act-veraendert-die-fuehrung-verantwortung-im-zeitalter-der-kuenstlichen-intelligenz\/","name":"Der EU-AI-Act ver\u00e4ndert die F\u00fchrung \u2013 Verantwortung im Zeitalter der K\u00fcnstlichen Intelligenz - Surgite!Coaching-Blog","isPartOf":{"@id":"https:\/\/surgite-eder.de\/wordpress\/#website"},"primaryImageOfPage":{"@id":"https:\/\/surgite-eder.de\/wordpress\/der-eu-ai-act-veraendert-die-fuehrung-verantwortung-im-zeitalter-der-kuenstlichen-intelligenz\/#primaryimage"},"image":{"@id":"https:\/\/surgite-eder.de\/wordpress\/der-eu-ai-act-veraendert-die-fuehrung-verantwortung-im-zeitalter-der-kuenstlichen-intelligenz\/#primaryimage"},"thumbnailUrl":"https:\/\/surgite-eder.de\/wordpress\/wp-content\/uploads\/2025\/10\/cropped-lOGO-BILD-NEMO-1.png","datePublished":"2025-10-22T14:17:51+00:00","dateModified":"2025-10-22T14:17:52+00:00","description":"Erfahren Sie, wie der EU-AI-Act Unternehmen ver\u00e4ndert und welche Verantwortung F\u00fchrungskr\u00e4fte jetzt tragen.Die AICA-Ausbildung der AFNB GmbH vermittelt Wissen f\u00fcr rechtssicheren und ethischen KI-Einsatz.","breadcrumb":{"@id":"https:\/\/surgite-eder.de\/wordpress\/der-eu-ai-act-veraendert-die-fuehrung-verantwortung-im-zeitalter-der-kuenstlichen-intelligenz\/#breadcrumb"},"inLanguage":"de","potentialAction":[{"@type":"ReadAction","target":["https:\/\/surgite-eder.de\/wordpress\/der-eu-ai-act-veraendert-die-fuehrung-verantwortung-im-zeitalter-der-kuenstlichen-intelligenz\/"]}]},{"@type":"ImageObject","inLanguage":"de","@id":"https:\/\/surgite-eder.de\/wordpress\/der-eu-ai-act-veraendert-die-fuehrung-verantwortung-im-zeitalter-der-kuenstlichen-intelligenz\/#primaryimage","url":"https:\/\/surgite-eder.de\/wordpress\/wp-content\/uploads\/2025\/10\/cropped-lOGO-BILD-NEMO-1.png","contentUrl":"https:\/\/surgite-eder.de\/wordpress\/wp-content\/uploads\/2025\/10\/cropped-lOGO-BILD-NEMO-1.png"},{"@type":"BreadcrumbList","@id":"https:\/\/surgite-eder.de\/wordpress\/der-eu-ai-act-veraendert-die-fuehrung-verantwortung-im-zeitalter-der-kuenstlichen-intelligenz\/#breadcrumb","itemListElement":[{"@type":"ListItem","position":1,"name":"Startseite","item":"https:\/\/surgite-eder.de\/wordpress\/"},{"@type":"ListItem","position":2,"name":"Der EU-AI-Act ver\u00e4ndert die F\u00fchrung \u2013 Verantwortung im Zeitalter der K\u00fcnstlichen Intelligenz"}]},{"@type":"WebSite","@id":"https:\/\/surgite-eder.de\/wordpress\/#website","url":"https:\/\/surgite-eder.de\/wordpress\/","name":"Surgite!Coaching-Blog","description":"Stressmanagement von Mensch zu Mensch","publisher":{"@id":"https:\/\/surgite-eder.de\/wordpress\/#organization"},"potentialAction":[{"@type":"SearchAction","target":{"@type":"EntryPoint","urlTemplate":"https:\/\/surgite-eder.de\/wordpress\/?s={search_term_string}"},"query-input":{"@type":"PropertyValueSpecification","valueRequired":true,"valueName":"search_term_string"}}],"inLanguage":"de"},{"@type":"Organization","@id":"https:\/\/surgite-eder.de\/wordpress\/#organization","name":"Surgite!Coaching Akademie SCA","url":"https:\/\/surgite-eder.de\/wordpress\/","logo":{"@type":"ImageObject","inLanguage":"de","@id":"https:\/\/surgite-eder.de\/wordpress\/#\/schema\/logo\/image\/","url":"https:\/\/surgite-eder.de\/wordpress\/wp-content\/uploads\/2021\/09\/Surgite-Akademie-Gehirn-Bild-in-Bild-50-.png","contentUrl":"https:\/\/surgite-eder.de\/wordpress\/wp-content\/uploads\/2021\/09\/Surgite-Akademie-Gehirn-Bild-in-Bild-50-.png","width":750,"height":422,"caption":"Surgite!Coaching Akademie SCA"},"image":{"@id":"https:\/\/surgite-eder.de\/wordpress\/#\/schema\/logo\/image\/"},"sameAs":["https:\/\/www.facebook.com\/surgite","https:\/\/www.instagram.com\/surgitecoachingakademiesca","https:\/\/de.linkedin.com\/in\/surgite","https:\/\/www.youtube.com\/c\/RochusMarianEder"]},{"@type":"Person","@id":"https:\/\/surgite-eder.de\/wordpress\/#\/schema\/person\/e80f06a614afad175613dc989ad5b9ed","name":"Surgite","image":{"@type":"ImageObject","inLanguage":"de","@id":"https:\/\/surgite-eder.de\/wordpress\/#\/schema\/person\/image\/","url":"https:\/\/secure.gravatar.com\/avatar\/c69265747580d893f317e4d2cc740cc482571851b6f9ca4a4850c9dbff2f4547?s=96&d=mm&r=g","contentUrl":"https:\/\/secure.gravatar.com\/avatar\/c69265747580d893f317e4d2cc740cc482571851b6f9ca4a4850c9dbff2f4547?s=96&d=mm&r=g","caption":"Surgite"},"description":"Datenschutz und impressum: http:\/\/surgite-coaching.de\/impressum","sameAs":["http:\/\/surgite-coaching.de\/"],"url":"https:\/\/surgite-eder.de\/wordpress\/author\/surgite\/"}]}},"_links":{"self":[{"href":"https:\/\/surgite-eder.de\/wordpress\/wp-json\/wp\/v2\/posts\/4368","targetHints":{"allow":["GET"]}}],"collection":[{"href":"https:\/\/surgite-eder.de\/wordpress\/wp-json\/wp\/v2\/posts"}],"about":[{"href":"https:\/\/surgite-eder.de\/wordpress\/wp-json\/wp\/v2\/types\/post"}],"author":[{"embeddable":true,"href":"https:\/\/surgite-eder.de\/wordpress\/wp-json\/wp\/v2\/users\/1"}],"replies":[{"embeddable":true,"href":"https:\/\/surgite-eder.de\/wordpress\/wp-json\/wp\/v2\/comments?post=4368"}],"version-history":[{"count":6,"href":"https:\/\/surgite-eder.de\/wordpress\/wp-json\/wp\/v2\/posts\/4368\/revisions"}],"predecessor-version":[{"id":4377,"href":"https:\/\/surgite-eder.de\/wordpress\/wp-json\/wp\/v2\/posts\/4368\/revisions\/4377"}],"wp:attachment":[{"href":"https:\/\/surgite-eder.de\/wordpress\/wp-json\/wp\/v2\/media?parent=4368"}],"wp:term":[{"taxonomy":"category","embeddable":true,"href":"https:\/\/surgite-eder.de\/wordpress\/wp-json\/wp\/v2\/categories?post=4368"},{"taxonomy":"post_tag","embeddable":true,"href":"https:\/\/surgite-eder.de\/wordpress\/wp-json\/wp\/v2\/tags?post=4368"}],"curies":[{"name":"wp","href":"https:\/\/api.w.org\/{rel}","templated":true}]}}